{"id":172,"date":"2021-04-17T00:11:12","date_gmt":"2021-04-16T22:11:12","guid":{"rendered":"http:\/\/plejada.romanisci.edu.pl\/nowa_strona2\/?p=172"},"modified":"2021-05-05T21:36:13","modified_gmt":"2021-05-05T19:36:13","slug":"konferencja-studencka-la-perception-des-anglicismes-dans-l%ca%bcespace-francophone-w-opolu-15-czerwca-2020","status":"publish","type":"post","link":"https:\/\/plejada.romanisci.edu.pl\/fr\/konferencja-studencka-la-perception-des-anglicismes-dans-l%ca%bcespace-francophone-w-opolu-15-czerwca-2020\/","title":{"rendered":"Colloque destin\u00e9 aux \u00e9tudiants en linguistique :La perception des anglicismes dans l\u02bcespace francophone, Universit\u00e9 d\u02bcOpole (Pologne), le 15 juin 2020"},"content":{"rendered":"\n<p>Vous \u00eates \u00e9tudiant-e en sp\u00e9cialit\u00e9 linguistique ? Vous \u00eates chaleureusement invit\u00e9-e \u00e0 participer \u00e0 ce colloque organis\u00e9 \u00e0 Opole. Pour plus d&rsquo;informations voir la pi\u00e8ce jointe.<\/p>\n","protected":false},"excerpt":{"rendered":"<p>Vous \u00eates \u00e9tudiant-e en sp\u00e9cialit\u00e9 linguistique ? Vous \u00eates chaleureusement invit\u00e9-e \u00e0 participer \u00e0 ce colloque organis\u00e9 \u00e0 Opole. Pour<\/p>\n","protected":false},"author":1,"featured_media":0,"comment_status":"closed","ping_status":"closed","sticky":false,"template":"","format":"standard","meta":{"footnotes":""},"categories":[4],"tags":[],"class_list":["post-172","post","type-post","status-publish","format-standard","hentry","category-aktualnosci","comments-off"],"_links":{"self":[{"href":"https:\/\/plejada.romanisci.edu.pl\/fr\/wp-json\/wp\/v2\/posts\/172","targetHints":{"allow":["GET"]}}],"collection":[{"href":"https:\/\/plejada.romanisci.edu.pl\/fr\/wp-json\/wp\/v2\/posts"}],"about":[{"href":"https:\/\/plejada.romanisci.edu.pl\/fr\/wp-json\/wp\/v2\/types\/post"}],"author":[{"embeddable":true,"href":"https:\/\/plejada.romanisci.edu.pl\/fr\/wp-json\/wp\/v2\/users\/1"}],"replies":[{"embeddable":true,"href":"https:\/\/plejada.romanisci.edu.pl\/fr\/wp-json\/wp\/v2\/comments?post=172"}],"version-history":[{"count":2,"href":"https:\/\/plejada.romanisci.edu.pl\/fr\/wp-json\/wp\/v2\/posts\/172\/revisions"}],"predecessor-version":[{"id":248,"href":"https:\/\/plejada.romanisci.edu.pl\/fr\/wp-json\/wp\/v2\/posts\/172\/revisions\/248"}],"wp:attachment":[{"href":"https:\/\/plejada.romanisci.edu.pl\/fr\/wp-json\/wp\/v2\/media?parent=172"}],"wp:term":[{"taxonomy":"category","embeddable":true,"href":"https:\/\/plejada.romanisci.edu.pl\/fr\/wp-json\/wp\/v2\/categories?post=172"},{"taxonomy":"post_tag","embeddable":true,"href":"https:\/\/plejada.romanisci.edu.pl\/fr\/wp-json\/wp\/v2\/tags?post=172"}],"curies":[{"name":"wp","href":"https:\/\/api.w.org\/{rel}","templated":true}]}}