{"id":179,"date":"2021-04-17T00:14:24","date_gmt":"2021-04-16T22:14:24","guid":{"rendered":"http:\/\/plejada.romanisci.edu.pl\/nowa_strona2\/?p=179"},"modified":"2021-05-05T21:33:23","modified_gmt":"2021-05-05T19:33:23","slug":"akademickie-towarzystwo-romanistow-czeskich-gallica-obchodzi-jubileusz-20-lecia-zaproszenie-na-konferencje-w-pradze-4-grudnia-2020","status":"publish","type":"post","link":"https:\/\/plejada.romanisci.edu.pl\/fr\/akademickie-towarzystwo-romanistow-czeskich-gallica-obchodzi-jubileusz-20-lecia-zaproszenie-na-konferencje-w-pradze-4-grudnia-2020\/","title":{"rendered":"L`association des romanistes tch\u00e8ques Gallica f\u00eate ses 20 ans d`existence &#8211; invitation au colloque qui se tiendra \u00e0 Prague le 4 d\u00e9cembre 2020"},"content":{"rendered":"\n<p>Nous vous invitons chaleureusement \u00e0 c\u00e9l\u00e9brer l`anniversaire de Galliva avec les coll\u00e8gues tch\u00e8ques le 4 d\u00e9cembre \u00e0 Prague. Tous les d\u00e9tails sont dans les pi\u00e8ces jointes.<\/p>\n","protected":false},"excerpt":{"rendered":"<p>Nous vous invitons chaleureusement \u00e0 c\u00e9l\u00e9brer l`anniversaire de Galliva avec les coll\u00e8gues tch\u00e8ques le 4 d\u00e9cembre \u00e0 Prague. Tous les<\/p>\n","protected":false},"author":1,"featured_media":0,"comment_status":"closed","ping_status":"closed","sticky":false,"template":"","format":"standard","meta":{"footnotes":""},"categories":[4],"tags":[],"class_list":["post-179","post","type-post","status-publish","format-standard","hentry","category-aktualnosci","comments-off"],"_links":{"self":[{"href":"https:\/\/plejada.romanisci.edu.pl\/fr\/wp-json\/wp\/v2\/posts\/179","targetHints":{"allow":["GET"]}}],"collection":[{"href":"https:\/\/plejada.romanisci.edu.pl\/fr\/wp-json\/wp\/v2\/posts"}],"about":[{"href":"https:\/\/plejada.romanisci.edu.pl\/fr\/wp-json\/wp\/v2\/types\/post"}],"author":[{"embeddable":true,"href":"https:\/\/plejada.romanisci.edu.pl\/fr\/wp-json\/wp\/v2\/users\/1"}],"replies":[{"embeddable":true,"href":"https:\/\/plejada.romanisci.edu.pl\/fr\/wp-json\/wp\/v2\/comments?post=179"}],"version-history":[{"count":2,"href":"https:\/\/plejada.romanisci.edu.pl\/fr\/wp-json\/wp\/v2\/posts\/179\/revisions"}],"predecessor-version":[{"id":245,"href":"https:\/\/plejada.romanisci.edu.pl\/fr\/wp-json\/wp\/v2\/posts\/179\/revisions\/245"}],"wp:attachment":[{"href":"https:\/\/plejada.romanisci.edu.pl\/fr\/wp-json\/wp\/v2\/media?parent=179"}],"wp:term":[{"taxonomy":"category","embeddable":true,"href":"https:\/\/plejada.romanisci.edu.pl\/fr\/wp-json\/wp\/v2\/categories?post=179"},{"taxonomy":"post_tag","embeddable":true,"href":"https:\/\/plejada.romanisci.edu.pl\/fr\/wp-json\/wp\/v2\/tags?post=179"}],"curies":[{"name":"wp","href":"https:\/\/api.w.org\/{rel}","templated":true}]}}