{"id":696,"date":"2026-04-24T12:43:03","date_gmt":"2026-04-24T10:43:03","guid":{"rendered":"https:\/\/plejada.romanisci.edu.pl\/fr\/?p=696"},"modified":"2026-04-24T12:43:05","modified_gmt":"2026-04-24T10:43:05","slug":"ma-these-de-doctorat-en-180-secondes","status":"publish","type":"post","link":"https:\/\/plejada.romanisci.edu.pl\/fr\/ma-these-de-doctorat-en-180-secondes\/","title":{"rendered":"Ma th\u00e8se de doctorat en 180 secondes"},"content":{"rendered":"\n<p>Le jeudi 26 mars, \u00e0 l\u2019Universit\u00e9 de Varsovie, se sont d\u00e9roul\u00e9es les s\u00e9lections nationales dans le cadre de l\u2019\u00e9dition 2026 de la finale nationale du concours \u00ab Ma th\u00e8se de doctorat en 180 secondes \u00bb. Les membres du jury ont \u00e9valu\u00e9 les pr\u00e9sentations de sept participants (doctorantes et doctorants), qui ont pr\u00e9sent\u00e9 leurs th\u00e8ses de doctorat en trois minutes.<\/p>\n\n\n\n<p>Les laur\u00e9ats de l\u2019\u00e9dition 2026 sont :<\/p>\n\n\n\n<ul class=\"wp-block-list\">\n<li><strong>1er prix du jury<\/strong> : Micha\u0142 Bryja de l\u2019Universit\u00e9 Adam Mickiewicz de Pozna\u0144 \u2013 le prix consiste en un s\u00e9jour scientifique d\u2019un mois en France, financ\u00e9 par l\u2019Institut fran\u00e7ais en Pologne<\/li>\n\n\n\n<li><strong>2e prix du jury<\/strong> : Katarzyna C\u0142api\u0144ska de l\u2019Universit\u00e9 de Varsovie \u2013 le prix consiste en un bon d\u2019une valeur de 500 euros, financ\u00e9 par l\u2019Acad\u00e9mie polonaise des sciences<\/li>\n\n\n\n<li><strong>3e prix du jury<\/strong> : Nadia Majewicz de l\u2019Universit\u00e9 SWPS \u2013 le prix consiste en un bon d\u2019une valeur de 250 euros, financ\u00e9 par l\u2019entreprise Forvis Mazars Polska<\/li>\n\n\n\n<li><strong>Prix du public<\/strong> : attribu\u00e9 \u00e0 Katarzyna C\u0142api\u0144ska de l\u2019Universit\u00e9 de Varsovie. Elle a re\u00e7u un bon cadeau Empik d\u2019une valeur de 50 euros, financ\u00e9 par l\u2019Institut fran\u00e7ais en Pologne<\/li>\n<\/ul>\n\n\n\n<p>Les s\u00e9lections r\u00e9gionales d\u2019Europe centrale et orientale auront lieu le 15 juin \u00e0 Vienne, en Autriche. Micha\u0142 Bryja et Katarzyna C\u0142api\u0144ska repr\u00e9senteront la Pologne. Nous leur souhaitons bonne chance !<\/p>\n","protected":false},"excerpt":{"rendered":"<p>Le jeudi 26 mars, \u00e0 l\u2019Universit\u00e9 de Varsovie, se sont d\u00e9roul\u00e9es les s\u00e9lections nationales dans le cadre de l\u2019\u00e9dition 2026<\/p>\n","protected":false},"author":6,"featured_media":697,"comment_status":"closed","ping_status":"closed","sticky":false,"template":"","format":"standard","meta":{"footnotes":""},"categories":[4],"tags":[],"class_list":["post-696","post","type-post","status-publish","format-standard","has-post-thumbnail","hentry","category-aktualnosci","comments-off"],"_links":{"self":[{"href":"https:\/\/plejada.romanisci.edu.pl\/fr\/wp-json\/wp\/v2\/posts\/696","targetHints":{"allow":["GET"]}}],"collection":[{"href":"https:\/\/plejada.romanisci.edu.pl\/fr\/wp-json\/wp\/v2\/posts"}],"about":[{"href":"https:\/\/plejada.romanisci.edu.pl\/fr\/wp-json\/wp\/v2\/types\/post"}],"author":[{"embeddable":true,"href":"https:\/\/plejada.romanisci.edu.pl\/fr\/wp-json\/wp\/v2\/users\/6"}],"replies":[{"embeddable":true,"href":"https:\/\/plejada.romanisci.edu.pl\/fr\/wp-json\/wp\/v2\/comments?post=696"}],"version-history":[{"count":1,"href":"https:\/\/plejada.romanisci.edu.pl\/fr\/wp-json\/wp\/v2\/posts\/696\/revisions"}],"predecessor-version":[{"id":698,"href":"https:\/\/plejada.romanisci.edu.pl\/fr\/wp-json\/wp\/v2\/posts\/696\/revisions\/698"}],"wp:featuredmedia":[{"embeddable":true,"href":"https:\/\/plejada.romanisci.edu.pl\/fr\/wp-json\/wp\/v2\/media\/697"}],"wp:attachment":[{"href":"https:\/\/plejada.romanisci.edu.pl\/fr\/wp-json\/wp\/v2\/media?parent=696"}],"wp:term":[{"taxonomy":"category","embeddable":true,"href":"https:\/\/plejada.romanisci.edu.pl\/fr\/wp-json\/wp\/v2\/categories?post=696"},{"taxonomy":"post_tag","embeddable":true,"href":"https:\/\/plejada.romanisci.edu.pl\/fr\/wp-json\/wp\/v2\/tags?post=696"}],"curies":[{"name":"wp","href":"https:\/\/api.w.org\/{rel}","templated":true}]}}