{"id":699,"date":"2026-04-24T12:45:39","date_gmt":"2026-04-24T10:45:39","guid":{"rendered":"https:\/\/plejada.romanisci.edu.pl\/fr\/?p=699"},"modified":"2026-04-24T20:50:48","modified_gmt":"2026-04-24T18:50:48","slug":"appel-a-communications-porto-2027","status":"publish","type":"post","link":"https:\/\/plejada.romanisci.edu.pl\/fr\/appel-a-communications-porto-2027\/","title":{"rendered":"Appel \u00e0 communications: Porto 2027"},"content":{"rendered":"\n<p>Du 27 au 29 janvier 2027, se tiendra \u00e0 l\u2019Universit\u00e9 de Porto (Portugal) un colloque scientifique intitul\u00e9 <strong>\u00c9TUDES FRAN\u00c7AISES ET FRANCOPHONES : M\u00c9TAMORPHOSES ET FORMES DU DEVENIR<\/strong>, coorganis\u00e9 par :<\/p>\n\n\n\n<ul class=\"wp-block-list\">\n<li>l\u2019Association Portugaise des \u00c9tudes Francophones (APEF) ;<\/li>\n\n\n\n<li>l\u2019Asociaci\u00f3n de Francesistas de la Universidad Espa\u00f1ola (AFUE) ;<\/li>\n\n\n\n<li>la Soci\u00e9t\u00e9 Fran\u00e7aise des Hispanistes et Ib\u00e9ro-am\u00e9ricanistes (SoFHIA) ;<\/li>\n\n\n\n<li>l\u2019association des romanistes tch\u00e8ques Gallica ;<\/li>\n\n\n\n<li>l\u2019association des romanistes slovaques FrancAvis ;<\/li>\n\n\n\n<li>l\u2019ATRP Plejada.<\/li>\n<\/ul>\n\n\n\n<p>Vous trouverez ci-dessous le lien vers les informations sur le portail Fabula :<\/p>\n\n\n\n<figure class=\"wp-block-embed\"><div class=\"wp-block-embed__wrapper\">\nhttps:\/\/www.fabula.org\/actualites\/132995\/metamorphoses-et-formes-du-devenir.html\n<\/div><\/figure>\n","protected":false},"excerpt":{"rendered":"<p>Du 27 au 29 janvier 2027, se tiendra \u00e0 l\u2019Universit\u00e9 de Porto (Portugal) un colloque scientifique intitul\u00e9 \u00c9TUDES FRAN\u00c7AISES ET<\/p>\n","protected":false},"author":6,"featured_media":702,"comment_status":"closed","ping_status":"closed","sticky":false,"template":"","format":"standard","meta":{"footnotes":""},"categories":[4],"tags":[],"class_list":["post-699","post","type-post","status-publish","format-standard","has-post-thumbnail","hentry","category-aktualnosci","comments-off"],"_links":{"self":[{"href":"https:\/\/plejada.romanisci.edu.pl\/fr\/wp-json\/wp\/v2\/posts\/699","targetHints":{"allow":["GET"]}}],"collection":[{"href":"https:\/\/plejada.romanisci.edu.pl\/fr\/wp-json\/wp\/v2\/posts"}],"about":[{"href":"https:\/\/plejada.romanisci.edu.pl\/fr\/wp-json\/wp\/v2\/types\/post"}],"author":[{"embeddable":true,"href":"https:\/\/plejada.romanisci.edu.pl\/fr\/wp-json\/wp\/v2\/users\/6"}],"replies":[{"embeddable":true,"href":"https:\/\/plejada.romanisci.edu.pl\/fr\/wp-json\/wp\/v2\/comments?post=699"}],"version-history":[{"count":1,"href":"https:\/\/plejada.romanisci.edu.pl\/fr\/wp-json\/wp\/v2\/posts\/699\/revisions"}],"predecessor-version":[{"id":701,"href":"https:\/\/plejada.romanisci.edu.pl\/fr\/wp-json\/wp\/v2\/posts\/699\/revisions\/701"}],"wp:featuredmedia":[{"embeddable":true,"href":"https:\/\/plejada.romanisci.edu.pl\/fr\/wp-json\/wp\/v2\/media\/702"}],"wp:attachment":[{"href":"https:\/\/plejada.romanisci.edu.pl\/fr\/wp-json\/wp\/v2\/media?parent=699"}],"wp:term":[{"taxonomy":"category","embeddable":true,"href":"https:\/\/plejada.romanisci.edu.pl\/fr\/wp-json\/wp\/v2\/categories?post=699"},{"taxonomy":"post_tag","embeddable":true,"href":"https:\/\/plejada.romanisci.edu.pl\/fr\/wp-json\/wp\/v2\/tags?post=699"}],"curies":[{"name":"wp","href":"https:\/\/api.w.org\/{rel}","templated":true}]}}